{"id":44,"date":"2010-07-12T12:07:47","date_gmt":"2010-07-12T12:07:47","guid":{"rendered":"http:\/\/www.versspreken.nl\/?p=44"},"modified":"2021-10-26T01:11:38","modified_gmt":"2021-10-25T23:11:38","slug":"live-twee-stemmen-en-een-klok-vs-6-helene-gelens","status":"publish","type":"post","link":"http:\/\/www.versspreken.nl\/?p=44","title":{"rendered":"Live: twee stemmen en een klok (VS #6: Helene Gelens)"},"content":{"rendered":"<!--powerpress_player--><div class=\"powerpress_player\" id=\"powerpress_player_7597\"><!--[if lt IE 9]><script>document.createElement('audio');<\/script><![endif]-->\n<audio class=\"wp-audio-shortcode\" id=\"audio-44-1\" preload=\"none\" style=\"width: 100%;\" controls=\"controls\"><source type=\"audio\/mpeg\" src=\"http:\/\/www.versspreken.nl\/versspreken6gelensii.mp3?_=1\" \/><a href=\"http:\/\/www.versspreken.nl\/versspreken6gelensii.mp3\">http:\/\/www.versspreken.nl\/versspreken6gelensii.mp3<\/a><\/audio><\/div><p class=\"powerpress_links powerpress_links_mp3\">Podcast: <a href=\"http:\/\/www.versspreken.nl\/versspreken6gelensii.mp3\" class=\"powerpress_link_pinw\" target=\"_blank\" title=\"Play in new window\" onclick=\"return powerpress_pinw('http:\/\/www.versspreken.nl\/?powerpress_pinw=44-podcast');\" rel=\"nofollow\">Play in new window<\/a> | <a href=\"http:\/\/www.versspreken.nl\/versspreken6gelensii.mp3\" class=\"powerpress_link_d\" title=\"Download\" rel=\"nofollow\" download=\"versspreken6gelensii.mp3\">Download<\/a> | <a href=\"#\" class=\"powerpress_link_e\" title=\"Embed\" onclick=\"return powerpress_show_embed('44-podcast');\" rel=\"nofollow\">Embed<\/a><\/p><p class=\"powerpress_embed_box\" id=\"powerpress_embed_44-podcast\" style=\"display: none;\"><input id=\"powerpress_embed_44-podcast_t\" type=\"text\" value=\"&lt;iframe width=&quot;320&quot; height=&quot;30&quot; src=&quot;http:\/\/www.versspreken.nl\/?powerpress_embed=44-podcast&amp;amp;powerpress_player=mediaelement-audio&quot; title=&quot;Blubrry Podcast Player&quot; frameborder=&quot;0&quot; scrolling=&quot;no&quot;&gt;&lt;\/iframe&gt;\" onclick=\"javascript: this.select();\" onfocus=\"javascript: this.select();\" style=\"width: 70%;\" readOnly><\/p><p><a href=\"http:\/\/www.versspreken.nl\/wp-content\/uploads\/2010\/12\/H\u00e9l\u00e8ne-Gel\u00e8ns-.jpeg\"><img data-attachment-id=\"45\" data-permalink=\"http:\/\/www.versspreken.nl\/?attachment_id=45#main\" data-orig-file=\"http:\/\/www.versspreken.nl\/wp-content\/uploads\/2010\/12\/H\u00e9l\u00e8ne-Gel\u00e8ns-.jpeg\" data-orig-size=\"160,120\" data-comments-opened=\"1\" data-image-meta=\"{&quot;aperture&quot;:&quot;0&quot;,&quot;credit&quot;:&quot;&quot;,&quot;camera&quot;:&quot;&quot;,&quot;caption&quot;:&quot;&quot;,&quot;created_timestamp&quot;:&quot;0&quot;,&quot;copyright&quot;:&quot;&quot;,&quot;focal_length&quot;:&quot;0&quot;,&quot;iso&quot;:&quot;0&quot;,&quot;shutter_speed&quot;:&quot;0&quot;,&quot;title&quot;:&quot;&quot;}\" data-image-title=\"H\u00e9l\u00e8ne Gel\u00e8ns\" data-image-description=\"\" data-image-caption=\"\" data-medium-file=\"http:\/\/www.versspreken.nl\/wp-content\/uploads\/2010\/12\/H\u00e9l\u00e8ne-Gel\u00e8ns-.jpeg\" data-large-file=\"http:\/\/www.versspreken.nl\/wp-content\/uploads\/2010\/12\/H\u00e9l\u00e8ne-Gel\u00e8ns-.jpeg\" loading=\"lazy\" class=\"alignright size-full wp-image-45\" title=\"H\u00e9l\u00e8ne Gel\u00e8ns\" src=\"http:\/\/www.versspreken.nl\/wp-content\/uploads\/2010\/12\/H\u00e9l\u00e8ne-Gel\u00e8ns-.jpeg\" alt=\"\" width=\"160\" height=\"120\" \/><\/a>Het is alweer een tijdje geleden, maar op 16 april j.l. kwamen wij en  enkele tientallen van onze luisteraars bijeen in Perdu voor de opnames  van de eerste VersSpreken met publiek. Het werd een gedenkwaardige  avond, waar <a title=\"http:\/\/www.versspreken.nl\/?page_id=257\" onmousedown=\"UntrustedLink.bootstrap($(this), &quot;ebced&quot;, event);\" rel=\"nofollow noopener\" href=\"..\/?page_id=257\" target=\"_blank\">H\u00e9l\u00e8ne Gel\u00e8ns<\/a> haar gedicht <em>Gedicht voor twee stemmen en een klok<\/em> voorlas, en waar VersSprekers <a title=\"http:\/\/www.versspreken.nl\/?page_id=195\" onmousedown=\"UntrustedLink.bootstrap($(this), &quot;ebced&quot;, event);\" rel=\"nofollow noopener\" href=\"..\/?page_id=195\" target=\"_blank\">Erik Lindner<\/a>, <a title=\"http:\/\/www.versspreken.nl\/?page_id=193\" onmousedown=\"UntrustedLink.bootstrap($(this), &quot;ebced&quot;, event);\" rel=\"nofollow noopener\" href=\"..\/?page_id=193\" target=\"_blank\">Matthijs Ponte<\/a>, <a title=\"http:\/\/www.versspreken.nl\/?page_id=189\" onmousedown=\"UntrustedLink.bootstrap($(this), &quot;ebced&quot;, event);\" rel=\"nofollow noopener\" href=\"..\/?page_id=189\" target=\"_blank\">Joost Baars<\/a> en debutante <a title=\"http:\/\/www.versspreken.nl\/?page_id=444\" onmousedown=\"UntrustedLink.bootstrap($(this), &quot;ebced&quot;, event);\" rel=\"nofollow noopener\" href=\"..\/?page_id=444\" target=\"_blank\">Maud Vanhauwaert<\/a> een gloedvol gesprek hadden over de biologische klok, vrouwelijkheid,  lichamelijkheid, voordrachtspo\u00ebzie, compositie en nog veel meer.<\/p>\n<p>Het gedicht van H\u00e9l\u00e8ne Gel\u00e8ns is in verband met de voor internet lastige bladspiegel niet in dit postje te lezen, maar <a title=\"http:\/\/www.box.net\/shared\/uauov45szr\" onmousedown=\"UntrustedLink.bootstrap($(this), &quot;ebced&quot;, event);\" rel=\"nofollow noopener\" href=\"http:\/\/www.box.net\/shared\/uauov45szr\" target=\"_blank\">hier<\/a> te downloaden. Het is ook te lezen in haar tweede bundel <a title=\"http:\/\/www.cossee.com\/?id=426\" onmousedown=\"UntrustedLink.bootstrap($(this), &quot;ebced&quot;, event);\" rel=\"nofollow noopener\" href=\"http:\/\/www.cossee.com\/?id=426\" target=\"_blank\"><em>zet af en zweef<\/em><\/a> die dit voorjaar bij Uitgeverij Coss\u00e9e verscheen.<\/p>\n<p>VersSpreken met publiek is ons goed bevallen. Deze eerste keer zal zeker niet de laatste zijn.<\/p>\n","protected":false},"excerpt":{"rendered":"<p>http:\/\/www.versspreken.nl\/versspreken6gelensii.mp3Podcast: Play in new window | Download | EmbedHet is alweer een tijdje geleden, maar op 16 april j.l. kwamen wij en enkele tientallen van&hellip;<\/p>\n","protected":false},"author":1,"featured_media":0,"comment_status":"open","ping_status":"closed","sticky":false,"template":"","format":"standard","meta":{"spay_email":"","jetpack_publicize_message":"","jetpack_is_tweetstorm":false,"jetpack_publicize_feature_enabled":true},"categories":[3],"tags":[5,9,12,6,10,8,11,7],"jetpack_featured_media_url":"","jetpack_publicize_connections":[],"jetpack_shortlink":"https:\/\/wp.me\/p3d8P4-I","jetpack_sharing_enabled":true,"_links":{"self":[{"href":"http:\/\/www.versspreken.nl\/index.php?rest_route=\/wp\/v2\/posts\/44"}],"collection":[{"href":"http:\/\/www.versspreken.nl\/index.php?rest_route=\/wp\/v2\/posts"}],"about":[{"href":"http:\/\/www.versspreken.nl\/index.php?rest_route=\/wp\/v2\/types\/post"}],"author":[{"embeddable":true,"href":"http:\/\/www.versspreken.nl\/index.php?rest_route=\/wp\/v2\/users\/1"}],"replies":[{"embeddable":true,"href":"http:\/\/www.versspreken.nl\/index.php?rest_route=%2Fwp%2Fv2%2Fcomments&post=44"}],"version-history":[{"count":7,"href":"http:\/\/www.versspreken.nl\/index.php?rest_route=\/wp\/v2\/posts\/44\/revisions"}],"predecessor-version":[{"id":616,"href":"http:\/\/www.versspreken.nl\/index.php?rest_route=\/wp\/v2\/posts\/44\/revisions\/616"}],"wp:attachment":[{"href":"http:\/\/www.versspreken.nl\/index.php?rest_route=%2Fwp%2Fv2%2Fmedia&parent=44"}],"wp:term":[{"taxonomy":"category","embeddable":true,"href":"http:\/\/www.versspreken.nl\/index.php?rest_route=%2Fwp%2Fv2%2Fcategories&post=44"},{"taxonomy":"post_tag","embeddable":true,"href":"http:\/\/www.versspreken.nl\/index.php?rest_route=%2Fwp%2Fv2%2Ftags&post=44"}],"curies":[{"name":"wp","href":"https:\/\/api.w.org\/{rel}","templated":true}]}}