{"id":288,"date":"2011-12-10T17:41:30","date_gmt":"2011-12-10T16:41:30","guid":{"rendered":"http:\/\/www.versspreken.nl\/?p=288"},"modified":"2021-10-26T01:11:35","modified_gmt":"2021-10-25T23:11:35","slug":"hoeveel-weten-we-niet-en-van-wie-versspreken-9","status":"publish","type":"post","link":"http:\/\/www.versspreken.nl\/?p=288","title":{"rendered":"Hoeveel weten we wel niet, en van wie? (VersSpreken #9)"},"content":{"rendered":"<!--powerpress_player--><div class=\"powerpress_player\" id=\"powerpress_player_4160\"><!--[if lt IE 9]><script>document.createElement('audio');<\/script><![endif]-->\n<audio class=\"wp-audio-shortcode\" id=\"audio-288-1\" preload=\"none\" style=\"width: 100%;\" controls=\"controls\"><source type=\"audio\/mpeg\" src=\"http:\/\/www.versspreken.nl\/VersSpreken9Otten.mp3?_=1\" \/><a href=\"http:\/\/www.versspreken.nl\/VersSpreken9Otten.mp3\">http:\/\/www.versspreken.nl\/VersSpreken9Otten.mp3<\/a><\/audio><\/div><p class=\"powerpress_links powerpress_links_mp3\">Podcast: <a href=\"http:\/\/www.versspreken.nl\/VersSpreken9Otten.mp3\" class=\"powerpress_link_pinw\" target=\"_blank\" title=\"Play in new window\" onclick=\"return powerpress_pinw('http:\/\/www.versspreken.nl\/?powerpress_pinw=288-podcast');\" rel=\"nofollow\">Play in new window<\/a> | <a href=\"http:\/\/www.versspreken.nl\/VersSpreken9Otten.mp3\" class=\"powerpress_link_d\" title=\"Download\" rel=\"nofollow\" download=\"VersSpreken9Otten.mp3\">Download<\/a> | <a href=\"#\" class=\"powerpress_link_e\" title=\"Embed\" onclick=\"return powerpress_show_embed('288-podcast');\" rel=\"nofollow\">Embed<\/a><\/p><p class=\"powerpress_embed_box\" id=\"powerpress_embed_288-podcast\" style=\"display: none;\"><input id=\"powerpress_embed_288-podcast_t\" type=\"text\" value=\"&lt;iframe width=&quot;320&quot; height=&quot;30&quot; src=&quot;http:\/\/www.versspreken.nl\/?powerpress_embed=288-podcast&amp;amp;powerpress_player=mediaelement-audio&quot; title=&quot;Blubrry Podcast Player&quot; frameborder=&quot;0&quot; scrolling=&quot;no&quot;&gt;&lt;\/iframe&gt;\" onclick=\"javascript: this.select();\" onfocus=\"javascript: this.select();\" style=\"width: 70%;\" readOnly><\/p><p><a href=\"http:\/\/www.versspreken.nl\/wp-content\/uploads\/2011\/12\/Willem-Jan-Otten.jpg\"><img data-attachment-id=\"289\" data-permalink=\"http:\/\/www.versspreken.nl\/?attachment_id=289#main\" data-orig-file=\"http:\/\/www.versspreken.nl\/wp-content\/uploads\/2011\/12\/Willem-Jan-Otten.jpg\" data-orig-size=\"615,768\" data-comments-opened=\"1\" data-image-meta=\"{&quot;aperture&quot;:&quot;0&quot;,&quot;credit&quot;:&quot;&quot;,&quot;camera&quot;:&quot;&quot;,&quot;caption&quot;:&quot;&quot;,&quot;created_timestamp&quot;:&quot;0&quot;,&quot;copyright&quot;:&quot;&quot;,&quot;focal_length&quot;:&quot;0&quot;,&quot;iso&quot;:&quot;0&quot;,&quot;shutter_speed&quot;:&quot;0&quot;,&quot;title&quot;:&quot;&quot;}\" data-image-title=\"Willem Jan Otten\" data-image-description=\"\" data-image-caption=\"\" data-medium-file=\"http:\/\/www.versspreken.nl\/wp-content\/uploads\/2011\/12\/Willem-Jan-Otten-240x300.jpg\" data-large-file=\"http:\/\/www.versspreken.nl\/wp-content\/uploads\/2011\/12\/Willem-Jan-Otten.jpg\" loading=\"lazy\" class=\"alignright size-thumbnail wp-image-289\" title=\"Willem Jan Otten\" src=\"http:\/\/www.versspreken.nl\/wp-content\/uploads\/2011\/12\/Willem-Jan-Otten-150x150.jpg\" alt=\"\" width=\"204\" height=\"204\" \/><\/a>Hoeveel valt er te weten van God? Hoe openbaart Hij zich? Is Zijn onkenbaarheid de hoogste kennis die er over Hem te bezitten valt? Kun je met die kennis pochen? En wat kunnen niet-Christenen met die kennis? Deze en andere vragen komen aan bod in de extra lange aflevering van VersSpreken over een gedicht van Willem Jan Otten uit zijn bundel <em>Gerichte gedichten<\/em>, die in 2011 bij Uitgeverij Van Oorschot verscheen. Het gedicht staat onderaan deze post te lezen.<\/p>\n<p>Het werd een zeer uitvoerig gesprek tussen VersSprekers H\u00e9l\u00e8ne Gel\u00e8ns, Marianne Kalsbeek, Matthijs Ponte en Joost Baars. De theologie komt (natuurlijk) aan bod, maar ook Victor Kossakovsky, Martinus Nijhoff, Odysseus, Angelus Silesius, Augustinus en Jean-Paul Sartre passeren de revue. En het bidden, want is het gedicht wel een gebed?<\/p>\n<p>KommaPunten zijn er over Victor Kossakovsky&#8217;s film <a href=\"http:\/\/www.youtube.com\/watch?v=u-nRggMpdqo&amp;feature=related\" target=\"_blank\" rel=\"noopener\"><em>Svyato<\/em><\/a> (hier helaas slechts in ultrakorte samenvatting en zonder geluid te zien), Czes\u0142aw Mi\u0142osz&#8217; <em>Verzamelde gedichten<\/em>, literair internettijdschrift <a href=\"http:\/\/www.narrativemagazine.com\/\" target=\"_blank\" rel=\"noopener\">Narrative<\/a>, uitgeverij <a href=\"http:\/\/www.eloisacartonera.com.ar\" target=\"_blank\" rel=\"noopener\">Eloisa Cartonera<\/a>, en de podcast <a href=\"http:\/\/literaturfest.nl\/\" target=\"_blank\" rel=\"noopener\">Literaturfest<\/a>.<\/p>\n<p>Veel plezier bij het luisteren naar VersSpreken #9!<\/p>\n<p>&#8212;&#8212;&#8212;&#8212;&#8212;&#8212;&#8212;&#8212;&#8211;<\/p>\n<p>Hoeveel weet ik van u<\/p>\n<p>Zoveel als het zoontje<br \/>\ndat ligt in het gedicht en wijst naar de wolken<br \/>\nweet van de dichter<br \/>\ndie naast hem ligt<\/p>\n<p>Zoveel als de peuter<br \/>\ndie voor het eerst voor een spiegel staat<br \/>\nweet van de peuter<br \/>\ndie daar voor hem staat<\/p>\n<p>Zoveel als de veroordeelde<br \/>\ndie in zijn celmuur klopsignalen hoort<br \/>\nweet van zijn buurman<\/p>\n<p>Zoveel als de vrouw<br \/>\ndie door de doptone het hartje niet hoort kloppen<br \/>\nweet van haar ongeborene<\/p>\n<p>Zoveel als de oude koning<br \/>\nop de dag van zijn troonsafstand<br \/>\nweet van zijn liefste laatste dochter<br \/>\ndie niet zegt wat hij horen wil<\/p>\n<p>Zoveel als Penelope<br \/>\nop het punt staande zichzelf weg te geven<br \/>\nweet van de zwerende<br \/>\nonbekende zwerver aan haar hof<\/p>\n<p>Zoveel als een explosievenzelfmoordenaar<br \/>\nin de metrocoup\u00e9<br \/>\nweet van het roodharige meisje met de koortslip<br \/>\ndat zijn oogopslag niet zoekt<\/p>\n<p>Zoveel als de enige zoon<br \/>\nna het vallen van het mes<br \/>\nweet van de kermende vader<br \/>\ndie hem leek te zullen kelen<\/p>\n<p>Zoveel<br \/>\nen nog wel meer<br \/>\nheb ik van u geweten<\/p>\n<p>Ik wist van u kortom heel veel<br \/>\nzij het altijd nog minder dan de kerkvader<br \/>\ntoen die in zijn Belijdenisen schreef<\/p>\n<p>dat als u tegenover hem kwam zitten<br \/>\ndaar recht tegenover hem<br \/>\nhij u zou vragen wanneer u kwam.<br \/>\n&#8211; Willem Jan Otten, uit: &#8216;Gerichte gedichten&#8217;, Van Oorschot, 2011<\/p>\n","protected":false},"excerpt":{"rendered":"<p>http:\/\/www.versspreken.nl\/VersSpreken9Otten.mp3Podcast: Play in new window | Download | EmbedHoeveel valt er te weten van God? Hoe openbaart Hij zich? Is Zijn onkenbaarheid de hoogste kennis&hellip;<\/p>\n","protected":false},"author":1,"featured_media":0,"comment_status":"open","ping_status":"closed","sticky":false,"template":"","format":"standard","meta":{"spay_email":"","jetpack_publicize_message":"","jetpack_is_tweetstorm":false,"jetpack_publicize_feature_enabled":true},"categories":[3],"tags":[5,51,48,17,47,39,46,52,49,21,50,27,40],"jetpack_featured_media_url":"","jetpack_publicize_connections":[],"jetpack_shortlink":"https:\/\/wp.me\/p3d8P4-4E","jetpack_sharing_enabled":true,"_links":{"self":[{"href":"http:\/\/www.versspreken.nl\/index.php?rest_route=\/wp\/v2\/posts\/288"}],"collection":[{"href":"http:\/\/www.versspreken.nl\/index.php?rest_route=\/wp\/v2\/posts"}],"about":[{"href":"http:\/\/www.versspreken.nl\/index.php?rest_route=\/wp\/v2\/types\/post"}],"author":[{"embeddable":true,"href":"http:\/\/www.versspreken.nl\/index.php?rest_route=\/wp\/v2\/users\/1"}],"replies":[{"embeddable":true,"href":"http:\/\/www.versspreken.nl\/index.php?rest_route=%2Fwp%2Fv2%2Fcomments&post=288"}],"version-history":[{"count":7,"href":"http:\/\/www.versspreken.nl\/index.php?rest_route=\/wp\/v2\/posts\/288\/revisions"}],"predecessor-version":[{"id":609,"href":"http:\/\/www.versspreken.nl\/index.php?rest_route=\/wp\/v2\/posts\/288\/revisions\/609"}],"wp:attachment":[{"href":"http:\/\/www.versspreken.nl\/index.php?rest_route=%2Fwp%2Fv2%2Fmedia&parent=288"}],"wp:term":[{"taxonomy":"category","embeddable":true,"href":"http:\/\/www.versspreken.nl\/index.php?rest_route=%2Fwp%2Fv2%2Fcategories&post=288"},{"taxonomy":"post_tag","embeddable":true,"href":"http:\/\/www.versspreken.nl\/index.php?rest_route=%2Fwp%2Fv2%2Ftags&post=288"}],"curies":[{"name":"wp","href":"https:\/\/api.w.org\/{rel}","templated":true}]}}