{"id":280,"date":"2011-11-17T08:18:32","date_gmt":"2011-11-17T07:18:32","guid":{"rendered":"http:\/\/www.versspreken.nl\/?p=280"},"modified":"2021-10-26T01:11:36","modified_gmt":"2021-10-25T23:11:36","slug":"versspreken-live-over-lucebert-in-amstelveen","status":"publish","type":"post","link":"http:\/\/www.versspreken.nl\/?p=280","title":{"rendered":"VersSpreken live over Lucebert in Amstelveen"},"content":{"rendered":"<p><a href=\"http:\/\/www.versspreken.nl\/wp-content\/uploads\/2011\/11\/Lucebert.jpg\"><img data-attachment-id=\"281\" data-permalink=\"http:\/\/www.versspreken.nl\/?attachment_id=281#main\" data-orig-file=\"http:\/\/www.versspreken.nl\/wp-content\/uploads\/2011\/11\/Lucebert.jpg\" data-orig-size=\"245,309\" data-comments-opened=\"1\" data-image-meta=\"{&quot;aperture&quot;:&quot;0&quot;,&quot;credit&quot;:&quot;&quot;,&quot;camera&quot;:&quot;&quot;,&quot;caption&quot;:&quot;&quot;,&quot;created_timestamp&quot;:&quot;0&quot;,&quot;copyright&quot;:&quot;&quot;,&quot;focal_length&quot;:&quot;0&quot;,&quot;iso&quot;:&quot;0&quot;,&quot;shutter_speed&quot;:&quot;0&quot;,&quot;title&quot;:&quot;&quot;}\" data-image-title=\"Lucebert\" data-image-description=\"\" data-image-caption=\"\" data-medium-file=\"http:\/\/www.versspreken.nl\/wp-content\/uploads\/2011\/11\/Lucebert-237x300.jpg\" data-large-file=\"http:\/\/www.versspreken.nl\/wp-content\/uploads\/2011\/11\/Lucebert.jpg\" loading=\"lazy\" class=\"alignright size-full wp-image-281\" title=\"Lucebert\" src=\"http:\/\/www.versspreken.nl\/wp-content\/uploads\/2011\/11\/Lucebert.jpg\" alt=\"\" width=\"174\" height=\"219\" srcset=\"http:\/\/www.versspreken.nl\/wp-content\/uploads\/2011\/11\/Lucebert.jpg 245w, http:\/\/www.versspreken.nl\/wp-content\/uploads\/2011\/11\/Lucebert-237x300.jpg 237w\" sizes=\"(max-width: 174px) 100vw, 174px\" \/><\/a>U bent weer uitgenodigd bij een opname van VersSpreken Live! Ditmaal gaan we, dinsdagavond 13 december, in de bibliotheek van Amstelveen spreken over een gedicht van Lucebert, dat u hieronder ziet. Dat doen we met oude bekende <a title=\"H\u00e9l\u00e8ne Gel\u00e8ns\" href=\"http:\/\/www.versspreken.nl\/?page_id=107\">H\u00e9l\u00e8ne Gel\u00e8ns<\/a> en nieuwkomer <a title=\"Krijn Peter Hesselink\" href=\"http:\/\/www.krijnpeter.nl\" target=\"_blank\" rel=\"noopener\">Krijn Peter Hesselink<\/a>. En met u, natuurlijk. We hopen u in Amstelveen te zien, temeer daar we daar ons tweejarig bestaan zullen vieren. Details vindt u op <a title=\"Meer info en reserveren\" href=\"http:\/\/www.amstelland-bibliotheken.nl\/index.php?option=com_content&amp;task=view&amp;id=1361&amp;Itemid=133\" target=\"_blank\" rel=\"noopener\">de website van de bibliotheek<\/a>, en daar kunt u ook reserveren. En u kunt ons helpen het nieuws over dit evenement te verspreiden door u ook <a title=\"VersSpreken Live op facebook\" href=\"http:\/\/www.facebook.com\/event.php?eid=287856994581865\" target=\"_blank\" rel=\"noopener\">op facebook<\/a> aan te melden voor <a href=\"http:\/\/www.facebook.com\/event.php?eid=287856994581865\" target=\"_blank\" rel=\"noopener\">het event<\/a>, en uw connecties ervoor uit te nodigen.<\/p>\n<p>&#8212;&#8212;&#8212;&#8212;<\/p>\n<p>er is een mooie rode draad gebroken in de ochtend<br \/>\ner is de grond vochtig een kind slapend tussen woedbijt<br \/>\ner is een vrouw bij vrienden blijven slapen<br \/>\ner is een scheerstoel in de hemel opgenomen<br \/>\ner is een kamer ademloos gaan lopen<br \/>\ner is een kamer radeloos een leeg gelopen<br \/>\ner is een koker opgestaan met ledematen<br \/>\ner is een open oven hevig gaan bloeden<\/p>\n<p>ik ben niet verzekerd<br \/>\nik ben bij gebleven<\/p>\n<p>ik ben op de doffe lucht van achtervolgers<br \/>\nlangzaam uitgegleden uit<br \/>\nmijn eigen adem hijgt zijn zeilen<br \/>\nzijn zeezeilen zagen de wind<br \/>\nde wind valt om<br \/>\nom en om<br \/>\n( au )<br \/>\ner is een mooie rode draad gebroken in de ochtend<\/p>\n<p>&#8211; Lucebert<\/p>\n","protected":false},"excerpt":{"rendered":"<p>U bent weer uitgenodigd bij een opname van VersSpreken Live! Ditmaal gaan we, dinsdagavond 13 december, in de bibliotheek van Amstelveen spreken over een gedicht&hellip;<\/p>\n","protected":false},"author":1,"featured_media":0,"comment_status":"open","ping_status":"closed","sticky":false,"template":"","format":"standard","meta":{"spay_email":"","jetpack_publicize_message":"","jetpack_is_tweetstorm":false,"jetpack_publicize_feature_enabled":true},"categories":[4],"tags":[],"jetpack_featured_media_url":"","jetpack_publicize_connections":[],"jetpack_shortlink":"https:\/\/wp.me\/p3d8P4-4w","jetpack_sharing_enabled":true,"_links":{"self":[{"href":"http:\/\/www.versspreken.nl\/index.php?rest_route=\/wp\/v2\/posts\/280"}],"collection":[{"href":"http:\/\/www.versspreken.nl\/index.php?rest_route=\/wp\/v2\/posts"}],"about":[{"href":"http:\/\/www.versspreken.nl\/index.php?rest_route=\/wp\/v2\/types\/post"}],"author":[{"embeddable":true,"href":"http:\/\/www.versspreken.nl\/index.php?rest_route=\/wp\/v2\/users\/1"}],"replies":[{"embeddable":true,"href":"http:\/\/www.versspreken.nl\/index.php?rest_route=%2Fwp%2Fv2%2Fcomments&post=280"}],"version-history":[{"count":5,"href":"http:\/\/www.versspreken.nl\/index.php?rest_route=\/wp\/v2\/posts\/280\/revisions"}],"predecessor-version":[{"id":610,"href":"http:\/\/www.versspreken.nl\/index.php?rest_route=\/wp\/v2\/posts\/280\/revisions\/610"}],"wp:attachment":[{"href":"http:\/\/www.versspreken.nl\/index.php?rest_route=%2Fwp%2Fv2%2Fmedia&parent=280"}],"wp:term":[{"taxonomy":"category","embeddable":true,"href":"http:\/\/www.versspreken.nl\/index.php?rest_route=%2Fwp%2Fv2%2Fcategories&post=280"},{"taxonomy":"post_tag","embeddable":true,"href":"http:\/\/www.versspreken.nl\/index.php?rest_route=%2Fwp%2Fv2%2Ftags&post=280"}],"curies":[{"name":"wp","href":"https:\/\/api.w.org\/{rel}","templated":true}]}}